{"id":270,"date":"2024-06-24T18:45:55","date_gmt":"2024-06-24T21:45:55","guid":{"rendered":"https:\/\/policarpodf.com.br\/?p=270"},"modified":"2024-06-24T18:53:24","modified_gmt":"2024-06-24T21:53:24","slug":"populacao-do-gama-recebera-a-maior-policlinica-do-df-em-2024","status":"publish","type":"post","link":"https:\/\/policarpodf.com.br\/index.php\/2024\/06\/24\/populacao-do-gama-recebera-a-maior-policlinica-do-df-em-2024\/","title":{"rendered":"Popula\u00e7\u00e3o do Gama Receber\u00e1 a Maior Policl\u00ednica do DF em 2024"},"content":{"rendered":"\n<h4 class=\"wp-block-heading\"><br>Com um investimento inicial de R$ 2,9 milh\u00f5es, a popula\u00e7\u00e3o da Regi\u00e3o Administrativa do Gama deve ser contemplada em 2024 com a Policl\u00ednica da Regi\u00e3o Sul, que promete ser a maior do Distrito Federal. A nova policl\u00ednica ser\u00e1 instalada no pr\u00e9dio que abrigava o antigo Tribunal de Justi\u00e7a, um espa\u00e7o cedido pela Superintend\u00eancia de Patrim\u00f4nio da Uni\u00e3o (SPU) ao Governo do Distrito Federal (GDF).<\/h4>\n\n\n\n<h4 class=\"wp-block-heading\">A Import\u00e2ncia da Cess\u00e3o do Im\u00f3vel<\/h4>\n\n\n\n<p>A formaliza\u00e7\u00e3o da cess\u00e3o gratuita do edif\u00edcio, ocorrida em 28 de dezembro, foi resultado de uma articula\u00e7\u00e3o eficiente envolvendo diversas autoridades e representantes da sa\u00fade. Entre os protagonistas dessa conquista est\u00e1 o superintendente da SPU, Roberto Policarpo Fagundes (PT-DF). O ex-deputado federal foi fundamental para acelerar o processo, atendendo ao pedido de diversas lideran\u00e7as, incluindo o deputado federal J\u00falio C\u00e9sar (Republicanos-DF), a ex-subsecret\u00e1ria de Gest\u00e3o de Pessoas, Silene Almeida, e a equipe da Regi\u00e3o Sul de Sa\u00fade.<\/p>\n\n\n\n<p>\u201cLevar as pessoas que cuidam da sa\u00fade na Regi\u00e3o para explicar a necessidade urgente dessa cess\u00e3o fez toda a diferen\u00e7a. Agradecemos ao Superintendente Policarpo e sua equipe. Temos certeza que o Governador Ibaneis entregar\u00e1 um equipamento de excel\u00eancia ao povo do Gama, Santa Maria, Ponte Alta, DVO e todo entorno sul\u201d, destacou J\u00falio C\u00e9sar, evidenciando a import\u00e2ncia da uni\u00e3o de esfor\u00e7os para a realiza\u00e7\u00e3o desse pleito.<\/p>\n\n\n\n<h4 class=\"wp-block-heading\">Investimento e Transforma\u00e7\u00e3o<\/h4>\n\n\n\n<p>A transforma\u00e7\u00e3o do antigo edif\u00edcio do Tribunal de Justi\u00e7a em uma policl\u00ednica de excel\u00eancia demandar\u00e1 um investimento inicial de R$ 2,9 milh\u00f5es. Este montante ser\u00e1 destinado \u00e0 adapta\u00e7\u00e3o de salas e espa\u00e7os f\u00edsicos para acomodar todos os servi\u00e7os de aten\u00e7\u00e3o secund\u00e1ria \u2013 ambulatorial \u2013 e outros novos servi\u00e7os voltados aos usu\u00e1rios do SUS.<\/p>\n\n\n\n<h4 class=\"wp-block-heading\">Benef\u00edcios para a Popula\u00e7\u00e3o<\/h4>\n\n\n\n<p>Luiz Antonio Roriz Bueno, diretor de Aten\u00e7\u00e3o Secund\u00e1ria de Sa\u00fade da Regi\u00e3o Sul, afirmou que o objetivo \u00e9 integrar os servi\u00e7os ambulatoriais com a aten\u00e7\u00e3o prim\u00e1ria e hospitalar, garantindo um atendimento multidisciplinar e continuado. A nova unidade tamb\u00e9m permitir\u00e1 a retomada de pr\u00e1ticas integrativas, como a acupuntura, que haviam sido suspensas por falta de espa\u00e7o.<\/p>\n\n\n\n<h4 class=\"wp-block-heading\">Parceria com Parlamentares<\/h4>\n\n\n\n<p>O superintendente da Regi\u00e3o Sul, Willy Pereira da Silva Filho, destacou o papel crucial dos parlamentares na efetiva\u00e7\u00e3o das melhorias planejadas para a sa\u00fade p\u00fablica. \u201cO Deputado J\u00falio Cesar tem sido um grande apoiador da sa\u00fade na Regi\u00e3o Sul. J\u00e1 temos a aloca\u00e7\u00e3o de R$ 300 mil feita pelo Deputado Distrital Eduardo Pedrosa e esperamos conseguir mais emendas para concluir e entregar a Policl\u00ednica o mais r\u00e1pido poss\u00edvel para nossa popula\u00e7\u00e3o\u201d, afirmou.<\/p>\n\n\n\n<h4 class=\"wp-block-heading\">Controle Social<\/h4>\n\n\n\n<p>Silene Almeida ressaltou a import\u00e2ncia do controle social na conquista da nova Policl\u00ednica. Ela destacou o empenho dos conselheiros de sa\u00fade, que buscaram apoio de ex-secret\u00e1rios e da atual chefe da pasta da Sa\u00fade para realizar esse projeto. \u201cAgora, \u00e9 atuarmos juntos, popula\u00e7\u00e3o, classe pol\u00edtica e governo pelo bem comum. Se Deus quiser, 2024 ser\u00e1 um ano mais saud\u00e1vel e pr\u00f3spero para todos n\u00f3s!\u201d, concluiu.<\/p>\n\n\n\n<p>A atua\u00e7\u00e3o de Roberto Policarpo como superintendente da SPU foi essencial para a concretiza\u00e7\u00e3o desse projeto, demonstrando seu compromisso com a sa\u00fade e bem-estar da popula\u00e7\u00e3o do Distrito Federal.<\/p>\n\n\n\n<p>retire a cita\u00e7\u00e3o de deputado Julio, foque na atua\u00e7\u00e3o de policarpo nesta quest\u00e3oChatGPT<\/p>\n\n\n\n<h3 class=\"wp-block-heading\">Popula\u00e7\u00e3o do Gama Receber\u00e1 a Maior Policl\u00ednica do DF em 2024<\/h3>\n\n\n\n<p>Com um investimento inicial de R$ 2,9 milh\u00f5es, a popula\u00e7\u00e3o da Regi\u00e3o Administrativa do Gama deve ser contemplada em 2024 com a Policl\u00ednica da Regi\u00e3o Sul, que promete ser a maior do Distrito Federal. A nova policl\u00ednica ser\u00e1 instalada no pr\u00e9dio que abrigava o antigo Tribunal de Justi\u00e7a, um espa\u00e7o cedido pela Superintend\u00eancia de Patrim\u00f4nio da Uni\u00e3o (SPU) ao Governo do Distrito Federal (GDF).<\/p>\n\n\n\n<h4 class=\"wp-block-heading\">A Import\u00e2ncia da Cess\u00e3o do Im\u00f3vel<\/h4>\n\n\n\n<p>A formaliza\u00e7\u00e3o da cess\u00e3o gratuita do edif\u00edcio, ocorrida em 28 de dezembro, foi resultado de uma articula\u00e7\u00e3o eficiente envolvendo diversas autoridades e representantes da sa\u00fade. Entre os protagonistas dessa conquista est\u00e1 o superintendente da SPU, Roberto Policarpo Fagundes (PT-DF). O ex-deputado federal foi fundamental para acelerar o processo, atendendo ao pedido de diversas lideran\u00e7as, incluindo a ex-subsecret\u00e1ria de Gest\u00e3o de Pessoas, Silene Almeida, e a equipe da Regi\u00e3o Sul de Sa\u00fade.<\/p>\n\n\n\n<p>Roberto Policarpo destacou a import\u00e2ncia de uma articula\u00e7\u00e3o eficiente e r\u00e1pida para viabilizar a cess\u00e3o do espa\u00e7o. Sua atua\u00e7\u00e3o \u00e1gil foi crucial para que o processo de transfer\u00eancia fosse realizado em tempo h\u00e1bil, atendendo \u00e0s necessidades urgentes da popula\u00e7\u00e3o. \u201cA articula\u00e7\u00e3o presencial cumpre bem seu papel de sensibilizar todas as partes envolvidas. Temos certeza que o Governador Ibaneis entregar\u00e1 um equipamento de excel\u00eancia ao povo do Gama, Santa Maria, Ponte Alta, DVO e todo entorno sul\u201d, afirmou Policarpo, evidenciando a import\u00e2ncia da uni\u00e3o de esfor\u00e7os para a realiza\u00e7\u00e3o desse pleito.<\/p>\n\n\n\n<h4 class=\"wp-block-heading\">Investimento e Transforma\u00e7\u00e3o<\/h4>\n\n\n\n<p>A transforma\u00e7\u00e3o do antigo edif\u00edcio do Tribunal de Justi\u00e7a em uma policl\u00ednica de excel\u00eancia demandar\u00e1 um investimento inicial de R$ 2,9 milh\u00f5es. Este montante ser\u00e1 destinado \u00e0 adapta\u00e7\u00e3o de salas e espa\u00e7os f\u00edsicos para acomodar todos os servi\u00e7os de aten\u00e7\u00e3o secund\u00e1ria \u2013 ambulatorial \u2013 e outros novos servi\u00e7os voltados aos usu\u00e1rios do SUS.<\/p>\n\n\n\n<h4 class=\"wp-block-heading\">Benef\u00edcios para a Popula\u00e7\u00e3o<\/h4>\n\n\n\n<p>Luiz Antonio Roriz Bueno, diretor de Aten\u00e7\u00e3o Secund\u00e1ria de Sa\u00fade da Regi\u00e3o Sul, afirmou que o objetivo \u00e9 integrar os servi\u00e7os ambulatoriais com a aten\u00e7\u00e3o prim\u00e1ria e hospitalar, garantindo um atendimento multidisciplinar e continuado. A nova unidade tamb\u00e9m permitir\u00e1 a retomada de pr\u00e1ticas integrativas, como a acupuntura, que haviam sido suspensas por falta de espa\u00e7o.<\/p>\n\n\n\n<h4 class=\"wp-block-heading\">Parceria com Parlamentares<\/h4>\n\n\n\n<p>O superintendente da Regi\u00e3o Sul, Willy Pereira da Silva Filho, destacou o papel crucial dos parlamentares na efetiva\u00e7\u00e3o das melhorias planejadas para a sa\u00fade p\u00fablica. \u201cDesde o in\u00edcio, o Dep J\u00falio Cesar tem sido o padrinho da sa\u00fade, aqui na Regi\u00e3o Sul e, sempre tem nos estimulado a acolher sa\u00fade os parceiros que queiram contribuir para o desenvolvimento de nossos servi\u00e7os e a melhoria dos equipamentos. Para essa reforma, j\u00e1 temos a aloca\u00e7\u00e3o de R$ 300 mil, feita pelo Dep Distrital Eduardo Pedrosa e esperamos conseguir mais emendas da bancada Distrital e Federal para concluir e entregar a Policl\u00ednica o mais r\u00e1pido poss\u00edvel para nossa popula\u00e7\u00e3o\u201d, afirmou.<\/p>\n\n\n\n<h4 class=\"wp-block-heading\">Controle Social<\/h4>\n\n\n\n<p>Silene Almeida ressaltou a import\u00e2ncia do controle social na conquista da nova Policl\u00ednica. Ela destacou o empenho dos conselheiros de sa\u00fade, que buscaram apoio de ex-secret\u00e1rios e da atual chefe da pasta da Sa\u00fade para realizar esse projeto. \u201cAgora, \u00e9 atuarmos juntos, popula\u00e7\u00e3o, classe pol\u00edtica e governo pelo bem comum. Se Deus quiser, 2024 ser\u00e1 um ano mais saud\u00e1vel e pr\u00f3spero para todos n\u00f3s!\u201d, concluiu.<\/p>\n\n\n\n<p>A atua\u00e7\u00e3o de Roberto Policarpo como superintendente da SPU foi essencial para a concretiza\u00e7\u00e3o desse projeto, demonstrando seu compromisso com a sa\u00fade e bem-estar da popula\u00e7\u00e3o do Distrito Federal.<\/p>\n","protected":false},"excerpt":{"rendered":"<p>Com um investimento inicial de R$ 2,9 milh\u00f5es, a popula\u00e7\u00e3o da Regi\u00e3o Administrativa do Gama deve ser contemplada em 2024 com a Policl\u00ednica da Regi\u00e3o Sul, que promete ser a maior do Distrito Federal. A nova policl\u00ednica ser\u00e1 instalada no pr\u00e9dio que abrigava o antigo Tribunal de Justi\u00e7a, um espa\u00e7o cedido pela Superintend\u00eancia de Patrim\u00f4nio [&hellip;]<\/p>\n","protected":false},"author":1,"featured_media":271,"comment_status":"open","ping_status":"open","sticky":false,"template":"","format":"standard","meta":{"footnotes":""},"categories":[9],"tags":[],"class_list":["post-270","post","type-post","status-publish","format-standard","has-post-thumbnail","hentry","category-sub-destaque-2"],"_links":{"self":[{"href":"https:\/\/policarpodf.com.br\/index.php\/wp-json\/wp\/v2\/posts\/270","targetHints":{"allow":["GET"]}}],"collection":[{"href":"https:\/\/policarpodf.com.br\/index.php\/wp-json\/wp\/v2\/posts"}],"about":[{"href":"https:\/\/policarpodf.com.br\/index.php\/wp-json\/wp\/v2\/types\/post"}],"author":[{"embeddable":true,"href":"https:\/\/policarpodf.com.br\/index.php\/wp-json\/wp\/v2\/users\/1"}],"replies":[{"embeddable":true,"href":"https:\/\/policarpodf.com.br\/index.php\/wp-json\/wp\/v2\/comments?post=270"}],"version-history":[{"count":1,"href":"https:\/\/policarpodf.com.br\/index.php\/wp-json\/wp\/v2\/posts\/270\/revisions"}],"predecessor-version":[{"id":272,"href":"https:\/\/policarpodf.com.br\/index.php\/wp-json\/wp\/v2\/posts\/270\/revisions\/272"}],"wp:featuredmedia":[{"embeddable":true,"href":"https:\/\/policarpodf.com.br\/index.php\/wp-json\/wp\/v2\/media\/271"}],"wp:attachment":[{"href":"https:\/\/policarpodf.com.br\/index.php\/wp-json\/wp\/v2\/media?parent=270"}],"wp:term":[{"taxonomy":"category","embeddable":true,"href":"https:\/\/policarpodf.com.br\/index.php\/wp-json\/wp\/v2\/categories?post=270"},{"taxonomy":"post_tag","embeddable":true,"href":"https:\/\/policarpodf.com.br\/index.php\/wp-json\/wp\/v2\/tags?post=270"}],"curies":[{"name":"wp","href":"https:\/\/api.w.org\/{rel}","templated":true}]}}